{"id":374,"date":"2020-09-24T06:55:09","date_gmt":"2020-09-24T06:55:09","guid":{"rendered":"https:\/\/gilreu.com\/neopop-electronic-music-festival-2019-7-10-august-2019-viana-do-castelo\/"},"modified":"2023-09-20T09:51:16","modified_gmt":"2023-09-20T09:51:16","slug":"rampa","status":"publish","type":"post","link":"https:\/\/gilreu.com\/pt-pt\/rampa\/","title":{"rendered":"Rampa"},"content":{"rendered":"\n<p><a href=\"https:\/\/www.instagram.com\/rampaporto\/?hl=en\" target=\"_blank\" rel=\"noreferrer noopener\">Rampa<\/a> \u00e9 uma associa\u00e7\u00e3o sem fins lucrativos fundada em 2018. A sua atividade \u00e9 radicada num espa\u00e7o localizado no P\u00e1tio do Bolh\u00e3o, na baixa do Porto.\u00a0<\/p>\n\n\n\n<p>A associa\u00e7\u00e3o tem como objetivo desenvolver uma programa\u00e7\u00e3o cultural, centrada nas artes visuais e performativas, mas abrangendo outros campos da produ\u00e7\u00e3o art\u00edstica.&nbsp;<\/p>\n\n\n\n<p>Inspirada na hist\u00f3ria cosmopolita do Porto, a associa\u00e7\u00e3o visa ativar a sua di\u00e1spora, religando-a \u00e0 cidade: pesquisar e encontrar pontes entre o Porto e mundo para dar-lhes visibilidade, ou promover a cria\u00e7\u00e3o de novas pontes entre esta e outras cidades, de prefer\u00eancia em contextos de internacionaliza\u00e7\u00e3o.&nbsp;<\/p>\n\n\n\n<p>Atrav\u00e9s da sua programa\u00e7\u00e3o, a Rampa pretende dar oportunidades e divulga\u00e7\u00e3o a criadores locais, trazer \u00e1 cidade projetos de artistas ou comiss\u00e1rios internacionais, colaborar com criadores estrangeiros interessados em trabalhar no Porto, mas tamb\u00e9m com as pessoas que, tendo nascido na regi\u00e3o, trabalham agora noutras cidades.&nbsp;<\/p>\n\n\n\n<p>A associa\u00e7\u00e3o estar\u00e1 sempre receptiva a ideias e propostas vindas de todos os quadrantes, que possam abordar temas de interesse de forma inquisitiva e pertinente. Rampa assume o compromisso de expor e promover criadores menos favorecidos pelas estruturas dominantes, e as tend\u00eancias art\u00edsticas negligenciadas pelas institui\u00e7\u00f5es.<\/p>\n","protected":false},"excerpt":{"rendered":"<p>Rampa \u00e9 uma associa\u00e7\u00e3o sem fins lucrativos fundada em 2018. A sua atividade \u00e9 radicada num espa\u00e7o localizado no P\u00e1tio do Bolh\u00e3o, na baixa do Porto.\u00a0 A associa\u00e7\u00e3o tem como objetivo desenvolver uma programa\u00e7\u00e3o cultural, centrada nas artes visuais e performativas, mas abrangendo outros campos da produ\u00e7\u00e3o art\u00edstica.&nbsp; Inspirada na hist\u00f3ria cosmopolita do Porto, a [&hellip;]<\/p>\n","protected":false},"author":2,"featured_media":899,"comment_status":"open","ping_status":"open","sticky":false,"template":"","format":"standard","meta":{"_acf_changed":false,"inline_featured_image":false,"_jetpack_memberships_contains_paid_content":false,"footnotes":""},"categories":[37],"tags":[],"class_list":["post-374","post","type-post","status-publish","format-standard","has-post-thumbnail","hentry","category-arte"],"acf":[],"jetpack_featured_media_url":"https:\/\/gilreu.com\/wp-content\/uploads\/2020\/09\/7-RAMPA.jpg","jetpack_sharing_enabled":true,"_links":{"self":[{"href":"https:\/\/gilreu.com\/pt-pt\/wp-json\/wp\/v2\/posts\/374","targetHints":{"allow":["GET"]}}],"collection":[{"href":"https:\/\/gilreu.com\/pt-pt\/wp-json\/wp\/v2\/posts"}],"about":[{"href":"https:\/\/gilreu.com\/pt-pt\/wp-json\/wp\/v2\/types\/post"}],"author":[{"embeddable":true,"href":"https:\/\/gilreu.com\/pt-pt\/wp-json\/wp\/v2\/users\/2"}],"replies":[{"embeddable":true,"href":"https:\/\/gilreu.com\/pt-pt\/wp-json\/wp\/v2\/comments?post=374"}],"version-history":[{"count":3,"href":"https:\/\/gilreu.com\/pt-pt\/wp-json\/wp\/v2\/posts\/374\/revisions"}],"predecessor-version":[{"id":905,"href":"https:\/\/gilreu.com\/pt-pt\/wp-json\/wp\/v2\/posts\/374\/revisions\/905"}],"wp:featuredmedia":[{"embeddable":true,"href":"https:\/\/gilreu.com\/pt-pt\/wp-json\/wp\/v2\/media\/899"}],"wp:attachment":[{"href":"https:\/\/gilreu.com\/pt-pt\/wp-json\/wp\/v2\/media?parent=374"}],"wp:term":[{"taxonomy":"category","embeddable":true,"href":"https:\/\/gilreu.com\/pt-pt\/wp-json\/wp\/v2\/categories?post=374"},{"taxonomy":"post_tag","embeddable":true,"href":"https:\/\/gilreu.com\/pt-pt\/wp-json\/wp\/v2\/tags?post=374"}],"curies":[{"name":"wp","href":"https:\/\/api.w.org\/{rel}","templated":true}]}}